
{"id":1083,"date":"2021-10-27T11:25:13","date_gmt":"2021-10-27T14:25:13","guid":{"rendered":"https:\/\/johariconsultoria.com.br\/?p=1083"},"modified":"2021-10-27T12:48:21","modified_gmt":"2021-10-27T15:48:21","slug":"qual-tipo-de-orientacao-profissional-voce-precisa","status":"publish","type":"post","link":"https:\/\/johariconsultoria.com.br\/index.php\/qual-tipo-de-orientacao-profissional-voce-precisa\/","title":{"rendered":"Qual tipo de Orienta\u00e7\u00e3o Profissional voc\u00ea precisa?"},"content":{"rendered":"\n<p>A Orienta\u00e7\u00e3o Profissional foca em algumas situa\u00e7\u00f5es que ajudam voc\u00ea a identificar as suas aptid\u00f5es e atua\u00e7\u00f5es no mercado de trabalho, envolvendo  as compet\u00eancias e talentos descobertos durante o processo para apoiar uma tomada decis\u00e3o.<\/p>\n\n\n\n<p>Por isso \u00e9 muito importante alinhar o tipo de Orienta\u00e7\u00e3o Profissional a sua fase na carreira.  <\/p>\n\n\n\n<p>Apresento a seguir os principais tipos de Orienta\u00e7\u00e3o Profissional de acordo com cada fase profissional:<\/p>\n\n\n\n<p><strong>1. No in\u00edcio da vida profissional<\/strong><\/p>\n\n\n\n<p>Esse \u00e9 o momento no qual a pessoa precisa tomar uma atitude em rela\u00e7\u00e3o a sua carreira profissional, pode ser \u00fatil nessa fase, investir em conversas e testes vocacionais para tentar desvendar quais s\u00e3o as atividades profissionais indicadas para o seu perfil.<\/p>\n\n\n\n<p><strong>2. Carreira estagnada<\/strong><\/p>\n\n\n\n<p>Todos n\u00f3s passamos por esse est\u00e1gio, aquele momento que estamos em uma zona de conforto, nossas compet\u00eancias e for\u00e7as est\u00e3o \u201csobrando\u201d no cargo. Um grande indicador comportamental e emocional nesse momento da carreira \u00e9 o nosso n\u00edvel de satisfa\u00e7\u00e3o. Geralmente, a pessoa est\u00e1 insatisfeita e deseja mudar o rumo da sua vida profissional. Isso \u00e9 causado pela falta de compatibilidade dos interesses profissionais com a atividade que a pessoa est\u00e1 exercendo no momento.<\/p>\n\n\n\n<p>Por se sentir decepcionado com o rumo da sua carreira, a orienta\u00e7\u00e3o profissional \u00e9 uma \u00f3tima oportunidade para descobrir quais s\u00e3o os motivos que est\u00e3o impedindo que voc\u00ea evolua na sua carreira, al\u00e9m de encontrar uma solu\u00e7\u00e3o para o problema.<\/p>\n\n\n\n<p><strong>3. Carreira em ascens\u00e3o<\/strong><\/p>\n\n\n\n<p>Os profissionais que est\u00e3o em uma carreira em ascens\u00e3o, alcan\u00e7ando suas metas e objetivos, podem contar com a orienta\u00e7\u00e3o profissional para continuar mantendo o seu alto desempenho e conquistas.<\/p>\n\n\n\n<p><strong>4. Troca de carreira<\/strong><\/p>\n\n\n\n<p>Quando o profissional est\u00e1 cansado da atividade que desenvolve, a rotina de trabalho n\u00e3o lhe d\u00e1 mais prazer e os resultados n\u00e3o s\u00e3o mais satisfat\u00f3rios, geralmente, pensa em mudar de carreira. Para evitar que o indiv\u00edduo cometa equ\u00edvocos que possam comprometer sua vida profissional, qualidade de vida, estabilidade e seguran\u00e7a, a orienta\u00e7\u00e3o profissional desenvolve o tema com o orientado.<\/p>\n\n\n\n<p>Durante o processo s\u00e3o levados em considera\u00e7\u00e3o tanto os ganhos quanto as perdas que envolvem a troca de carreira para evitar que o indiv\u00edduo venha a se arrepender ou ter surpresas desagrad\u00e1veis.<\/p>\n\n\n\n<p><strong>5. Decidir entre descansar ou diminuir o ritmo do trabalho<\/strong><\/p>\n\n\n\n<p>Depois de muitos anos de trabalho, algumas pessoas ficam na d\u00favida entre descansar para preservar a sua qualidade de vida e sa\u00fade ou se dedicar a outras atividades que sejam menos desgastantes.<\/p>\n\n\n\n<p><\/p>\n\n\n\n<p>Escolher  o tipo de Orienta\u00e7\u00e3o Profissional alinhado ao seu momento de atual profissional \u00e9 fundamental para ajud\u00e1-lo a tomar uma decis\u00e3o mais acertada, exaltando as suas melhores conquistas, mas tamb\u00e9m propondo alternativas para voc\u00ea lidar com esse momento da sua carreira.<\/p>\n\n\n\n<p>Oriento que leia tamb\u00e9m os outros post a respeito do tema, os links est\u00e3o logo a seguir!<\/p>\n\n\n\n<p>Fonte: Pensando e Vivendo a Orienta\u00e7\u00e3o Profissional &#8211; Summus&amp;Editorial &#8211; Lucchiari, S.P.H.D. &#8211; 9a edi\u00e7\u00e3o &#8211; 2017.<\/p>\n\n\n\n<p>Leia tamb\u00e9m:<\/p>\n\n\n\n<figure class=\"wp-block-embed-wordpress wp-block-embed is-type-wp-embed is-provider-johari\"><div class=\"wp-block-embed__wrapper\">\n<blockquote class=\"wp-embedded-content\" data-secret=\"5mAwPUixYs\"><a href=\"https:\/\/johariconsultoria.com.br\/index.php\/como-funciona-a-orientacao-profissional-e-de-carreira\/\">Como funciona a Orienta\u00e7\u00e3o Profissional e de Carreira<\/a><\/blockquote><iframe class=\"wp-embedded-content\" sandbox=\"allow-scripts\" security=\"restricted\" style=\"position: absolute; clip: rect(1px, 1px, 1px, 1px);\" title=\"&#8220;Como funciona a Orienta\u00e7\u00e3o Profissional e de Carreira&#8221; &#8212; Johari\" src=\"https:\/\/johariconsultoria.com.br\/index.php\/como-funciona-a-orientacao-profissional-e-de-carreira\/embed\/#?secret=5mAwPUixYs\" data-secret=\"5mAwPUixYs\" width=\"500\" height=\"282\" frameborder=\"0\" marginwidth=\"0\" marginheight=\"0\" scrolling=\"no\"><\/iframe>\n<\/div><\/figure>\n\n\n\n<figure class=\"wp-block-embed-wordpress wp-block-embed is-type-wp-embed is-provider-johari\"><div class=\"wp-block-embed__wrapper\">\n<blockquote class=\"wp-embedded-content\" data-secret=\"ThR0f1BTwL\"><a href=\"https:\/\/johariconsultoria.com.br\/index.php\/quando-e-o-momento-de-buscar-orientacao-profissional\/\">Quando \u00e9 o momento de buscar Orienta\u00e7\u00e3o Profissional?<\/a><\/blockquote><iframe class=\"wp-embedded-content\" sandbox=\"allow-scripts\" security=\"restricted\" style=\"position: absolute; clip: rect(1px, 1px, 1px, 1px);\" title=\"&#8220;Quando \u00e9 o momento de buscar Orienta\u00e7\u00e3o Profissional?&#8221; &#8212; Johari\" src=\"https:\/\/johariconsultoria.com.br\/index.php\/quando-e-o-momento-de-buscar-orientacao-profissional\/embed\/#?secret=ThR0f1BTwL\" data-secret=\"ThR0f1BTwL\" width=\"500\" height=\"282\" frameborder=\"0\" marginwidth=\"0\" marginheight=\"0\" scrolling=\"no\"><\/iframe>\n<\/div><\/figure>\n\n\n\n<p><\/p>\n","protected":false},"excerpt":{"rendered":"<p>A Orienta\u00e7\u00e3o Profissional foca em algumas situa\u00e7\u00f5es que ajudam voc\u00ea a identificar as suas aptid\u00f5es e atua\u00e7\u00f5es no mercado de trabalho, envolvendo as compet\u00eancias e talentos descobertos durante o processo para apoiar uma tomada decis\u00e3o. Por isso \u00e9 muito importante alinhar o tipo de Orienta\u00e7\u00e3o Profissional a sua fase na carreira. Apresento a seguir os [&hellip;]<\/p>\n","protected":false},"author":2,"featured_media":1026,"comment_status":"open","ping_status":"open","sticky":false,"template":"","format":"standard","meta":[],"categories":[8],"tags":[],"_links":{"self":[{"href":"https:\/\/johariconsultoria.com.br\/index.php\/wp-json\/wp\/v2\/posts\/1083"}],"collection":[{"href":"https:\/\/johariconsultoria.com.br\/index.php\/wp-json\/wp\/v2\/posts"}],"about":[{"href":"https:\/\/johariconsultoria.com.br\/index.php\/wp-json\/wp\/v2\/types\/post"}],"author":[{"embeddable":true,"href":"https:\/\/johariconsultoria.com.br\/index.php\/wp-json\/wp\/v2\/users\/2"}],"replies":[{"embeddable":true,"href":"https:\/\/johariconsultoria.com.br\/index.php\/wp-json\/wp\/v2\/comments?post=1083"}],"version-history":[{"count":2,"href":"https:\/\/johariconsultoria.com.br\/index.php\/wp-json\/wp\/v2\/posts\/1083\/revisions"}],"predecessor-version":[{"id":1088,"href":"https:\/\/johariconsultoria.com.br\/index.php\/wp-json\/wp\/v2\/posts\/1083\/revisions\/1088"}],"wp:featuredmedia":[{"embeddable":true,"href":"https:\/\/johariconsultoria.com.br\/index.php\/wp-json\/wp\/v2\/media\/1026"}],"wp:attachment":[{"href":"https:\/\/johariconsultoria.com.br\/index.php\/wp-json\/wp\/v2\/media?parent=1083"}],"wp:term":[{"taxonomy":"category","embeddable":true,"href":"https:\/\/johariconsultoria.com.br\/index.php\/wp-json\/wp\/v2\/categories?post=1083"},{"taxonomy":"post_tag","embeddable":true,"href":"https:\/\/johariconsultoria.com.br\/index.php\/wp-json\/wp\/v2\/tags?post=1083"}],"curies":[{"name":"wp","href":"https:\/\/api.w.org\/{rel}","templated":true}]}}